{"id":976,"date":"2024-04-06T17:18:25","date_gmt":"2024-04-06T15:18:25","guid":{"rendered":"https:\/\/enabledtheatre.com\/2024\/04\/06\/predstava-svijet-mogucnosti-premijerno-izvedena-u-novom-sadu\/"},"modified":"2024-07-19T17:22:49","modified_gmt":"2024-07-19T15:22:49","slug":"predstava-svijet-mogucnosti-premijerno-izvedena-u-novom-sadu","status":"publish","type":"post","link":"https:\/\/enabledtheatre.com\/en\/2024\/04\/06\/predstava-svijet-mogucnosti-premijerno-izvedena-u-novom-sadu\/","title":{"rendered":"&#8220;The World of Possibilities&#8221; premiers in Novi Sad"},"content":{"rendered":"<p>The play &#8220;Svijet mogu\u0107nosti\/The World of Possibilities&#8221;, written and directed by Haris Pa\u0161ovi\u0107, premiered on Saturday, April 6, in the crowded &#8220;Pera Dobrinovi\u0107&#8221; hall of the Serbian National Theatre in Novi Sad.<\/p>\n<p>Among others, the premiere was attended by the great Serbian and ex-Yu actor Miki Manojlovi\u0107, Deputy Manager of the Serbian National Theatre and Acting Drama Director Sonja Damjanovi\u0107 and numerous theatre critics. Representatives of \u0160OSO Milan Petrovi\u0107, Director Violeta Strahinjovi\u0107, former director Slavica Markovi\u0107, Assistant Director Sne\u017eana Ba\u0161evi\u0107, psychologist Maja Kukobat, special education teacher and expert consultant Miljana Radoman, young pianist Matija Mol\u010danov and his mother Ana Mol\u010danov also attended.<\/p>\n<p>After the performance, the audience gave a standing ovation to the cast of the play, comprising: Gordana \u0110ur\u0111evi\u0107 Dimi\u0107, Lidija Stevanovi\u0107, Sanja Ristic Krajnov, Jelena Antonijevi\u0107, Mina Pavlica, Marija Felde\u0161i, Milan Kova\u010devi\u0107, Marko Savkovi\u0107, Vuka\u0161in Ran\u0111elovi\u0107, Aljo\u0161a \u0110idi\u0107, Aleksandar Sarapa, Rade Perovi\u0107.<\/p>\n<p>In addition to Haris Pa\u0161ovi\u0107, the artistic team comprised set designer Ivana Jan\u010di\u0107, composer Dino \u0160ukalo, choreographer Larisa Lipovac Navojec and assistant costume designer Minja Davidovi\u0107.<\/p>\n<p>The first rerun of the play is scheduled for Tuesday, April 9.<\/p>\n<p>After Novi Sad, the play will be performed in partner cities &#8211; Sarajevo, Zagreb and Budva.<\/p>\n<p>The play &#8220;Svijet mogu\u0107nosti\/Enabled Theatre\u201d was co-produced in partnership with East West Center Sarajevo, Serbian National Theatre Novi Sad, Festival Grad teatar Budva, TALA Dance Centre Zagreb and was co-funded by the EU through the Creative Europe Programme.<\/p>\n\n            <div id=\"blueimp-gallery\" class=\"blueimp-gallery\">\n                <div class=\"slides\"><\/div>\n                <a class=\"prev\"><\/a>\n                <a class=\"next\"><\/a>\n                <a class=\"close\"><\/a>\n                <ol class=\"indicator\"><\/ol>\n            <\/div>\n            <div class=\"grid grid-cols-3 gap-4 mb-8\"><a style=\"background-image: url(https:\/\/enabledtheatre.com\/app\/uploads\/2024\/04\/FEM_6491-448x270.jpg)\" data-gallery href=\"https:\/\/enabledtheatre.com\/app\/uploads\/2024\/04\/FEM_6491.jpg\" title=\"\" data-description=\"\" class=\"gallery-thumbnail aspect-square\"><\/a><a style=\"background-image: url(https:\/\/enabledtheatre.com\/app\/uploads\/2024\/04\/FEM_6513-448x270.jpg)\" data-gallery href=\"https:\/\/enabledtheatre.com\/app\/uploads\/2024\/04\/FEM_6513.jpg\" title=\"\" data-description=\"\" class=\"gallery-thumbnail aspect-square\"><\/a><a style=\"background-image: url(https:\/\/enabledtheatre.com\/app\/uploads\/2024\/04\/FEM_6508-448x270.jpg)\" data-gallery href=\"https:\/\/enabledtheatre.com\/app\/uploads\/2024\/04\/FEM_6508.jpg\" title=\"\" data-description=\"\" class=\"gallery-thumbnail aspect-square\"><\/a><a style=\"background-image: url(https:\/\/enabledtheatre.com\/app\/uploads\/2024\/04\/FEM_6534-448x270.jpg)\" data-gallery href=\"https:\/\/enabledtheatre.com\/app\/uploads\/2024\/04\/FEM_6534.jpg\" title=\"\" data-description=\"\" class=\"gallery-thumbnail aspect-square\"><\/a><a style=\"background-image: url(https:\/\/enabledtheatre.com\/app\/uploads\/2024\/04\/FEM_6610-448x270.jpg)\" data-gallery href=\"https:\/\/enabledtheatre.com\/app\/uploads\/2024\/04\/FEM_6610.jpg\" title=\"\" data-description=\"\" class=\"gallery-thumbnail aspect-square\"><\/a><a style=\"background-image: url(https:\/\/enabledtheatre.com\/app\/uploads\/2024\/04\/FEM_6541-448x270.jpg)\" data-gallery href=\"https:\/\/enabledtheatre.com\/app\/uploads\/2024\/04\/FEM_6541.jpg\" title=\"\" data-description=\"\" class=\"gallery-thumbnail aspect-square\"><\/a><\/div>\n","protected":false},"excerpt":{"rendered":"<p>The play &#8220;Svijet mogu\u0107nosti\/The World of Possibilities&#8221;, written and directed by Haris Pa\u0161ovi\u0107, premiered on Saturday, April 6, in the crowded &#8220;Pera Dobrinovi\u0107&#8221; hall of the Serbian National Theatre in Novi Sad. Among others, the premiere was attended by the great Serbian and ex-Yu actor Miki Manojlovi\u0107, Deputy Manager of the Serbian National Theatre and&hellip;<\/p>\n","protected":false},"author":2,"featured_media":960,"comment_status":"closed","ping_status":"closed","sticky":false,"template":"","format":"standard","meta":{"_monsterinsights_skip_tracking":false,"_monsterinsights_sitenote_active":false,"_monsterinsights_sitenote_note":"","_monsterinsights_sitenote_category":0},"categories":[5],"tags":[],"acf":[],"yoast_head":"<!-- This site is optimized with the Yoast SEO plugin v20.7 - https:\/\/yoast.com\/wordpress\/plugins\/seo\/ -->\n<title>&quot;The World of Possibilities&quot; premiers in Novi Sad - Enabled Theatre<\/title>\n<meta name=\"robots\" content=\"index, follow, max-snippet:-1, max-image-preview:large, max-video-preview:-1\" \/>\n<link rel=\"canonical\" href=\"https:\/\/enabledtheatre.com\/en\/2024\/04\/06\/predstava-svijet-mogucnosti-premijerno-izvedena-u-novom-sadu\/\" \/>\n<meta property=\"og:locale\" content=\"en_US\" \/>\n<meta property=\"og:type\" content=\"article\" \/>\n<meta property=\"og:title\" content=\"&quot;The World of Possibilities&quot; premiers in Novi Sad - Enabled Theatre\" \/>\n<meta property=\"og:description\" content=\"The play &#8220;Svijet mogu\u0107nosti\/The World of Possibilities&#8221;, written and directed by Haris Pa\u0161ovi\u0107, premiered on Saturday, April 6, in the crowded &#8220;Pera Dobrinovi\u0107&#8221; hall of the Serbian National Theatre in Novi Sad. Among others, the premiere was attended by the great Serbian and ex-Yu actor Miki Manojlovi\u0107, Deputy Manager of the Serbian National Theatre and&hellip;\" \/>\n<meta property=\"og:url\" content=\"https:\/\/enabledtheatre.com\/en\/2024\/04\/06\/predstava-svijet-mogucnosti-premijerno-izvedena-u-novom-sadu\/\" \/>\n<meta property=\"og:site_name\" content=\"Enabled Theatre\" \/>\n<meta property=\"article:publisher\" content=\"https:\/\/www.facebook.com\/EastWestCenter\" \/>\n<meta property=\"article:published_time\" content=\"2024-04-06T15:18:25+00:00\" \/>\n<meta property=\"article:modified_time\" content=\"2024-07-19T15:22:49+00:00\" \/>\n<meta property=\"og:image\" content=\"https:\/\/enabledtheatre.com\/app\/uploads\/2024\/04\/FEM_6631-1.jpg\" \/>\n\t<meta property=\"og:image:width\" content=\"1600\" \/>\n\t<meta property=\"og:image:height\" content=\"1067\" \/>\n\t<meta property=\"og:image:type\" content=\"image\/jpeg\" \/>\n<meta name=\"author\" content=\"Mehmed\" \/>\n<meta name=\"twitter:card\" content=\"summary_large_image\" \/>\n<meta name=\"twitter:creator\" content=\"@EastWestCentar\" \/>\n<meta name=\"twitter:site\" content=\"@EastWestCentar\" \/>\n<meta name=\"twitter:label1\" content=\"Written by\" \/>\n\t<meta name=\"twitter:data1\" content=\"Mehmed\" \/>\n\t<meta name=\"twitter:label2\" content=\"Est. reading time\" \/>\n\t<meta name=\"twitter:data2\" content=\"2 minutes\" \/>\n<script type=\"application\/ld+json\" class=\"yoast-schema-graph\">{\"@context\":\"https:\/\/schema.org\",\"@graph\":[{\"@type\":\"Article\",\"@id\":\"https:\/\/enabledtheatre.com\/en\/2024\/04\/06\/predstava-svijet-mogucnosti-premijerno-izvedena-u-novom-sadu\/#article\",\"isPartOf\":{\"@id\":\"https:\/\/enabledtheatre.com\/en\/2024\/04\/06\/predstava-svijet-mogucnosti-premijerno-izvedena-u-novom-sadu\/\"},\"author\":{\"name\":\"Mehmed\",\"@id\":\"https:\/\/enabledtheatre.com\/#\/schema\/person\/df8431fee28b215cdc853ef5b1500015\"},\"headline\":\"&#8220;The World of Possibilities&#8221; premiers in Novi Sad\",\"datePublished\":\"2024-04-06T15:18:25+00:00\",\"dateModified\":\"2024-07-19T15:22:49+00:00\",\"mainEntityOfPage\":{\"@id\":\"https:\/\/enabledtheatre.com\/en\/2024\/04\/06\/predstava-svijet-mogucnosti-premijerno-izvedena-u-novom-sadu\/\"},\"wordCount\":261,\"publisher\":{\"@id\":\"https:\/\/enabledtheatre.com\/#organization\"},\"articleSection\":[\"News\"],\"inLanguage\":\"en-US\"},{\"@type\":\"WebPage\",\"@id\":\"https:\/\/enabledtheatre.com\/en\/2024\/04\/06\/predstava-svijet-mogucnosti-premijerno-izvedena-u-novom-sadu\/\",\"url\":\"https:\/\/enabledtheatre.com\/en\/2024\/04\/06\/predstava-svijet-mogucnosti-premijerno-izvedena-u-novom-sadu\/\",\"name\":\"\\\"The World of Possibilities\\\" premiers in Novi Sad - Enabled Theatre\",\"isPartOf\":{\"@id\":\"https:\/\/enabledtheatre.com\/#website\"},\"datePublished\":\"2024-04-06T15:18:25+00:00\",\"dateModified\":\"2024-07-19T15:22:49+00:00\",\"breadcrumb\":{\"@id\":\"https:\/\/enabledtheatre.com\/en\/2024\/04\/06\/predstava-svijet-mogucnosti-premijerno-izvedena-u-novom-sadu\/#breadcrumb\"},\"inLanguage\":\"en-US\",\"potentialAction\":[{\"@type\":\"ReadAction\",\"target\":[\"https:\/\/enabledtheatre.com\/en\/2024\/04\/06\/predstava-svijet-mogucnosti-premijerno-izvedena-u-novom-sadu\/\"]}]},{\"@type\":\"BreadcrumbList\",\"@id\":\"https:\/\/enabledtheatre.com\/en\/2024\/04\/06\/predstava-svijet-mogucnosti-premijerno-izvedena-u-novom-sadu\/#breadcrumb\",\"itemListElement\":[{\"@type\":\"ListItem\",\"position\":1,\"name\":\"Home\",\"item\":\"https:\/\/enabledtheatre.com\/\"},{\"@type\":\"ListItem\",\"position\":2,\"name\":\"&#8220;The World of Possibilities&#8221; premiers in Novi Sad\"}]},{\"@type\":\"WebSite\",\"@id\":\"https:\/\/enabledtheatre.com\/#website\",\"url\":\"https:\/\/enabledtheatre.com\/\",\"name\":\"Enabled Theatre\",\"description\":\"Regional art project that, through a two-way exchange, will include artists, experts and people with developmental disabilities as well as their families\",\"publisher\":{\"@id\":\"https:\/\/enabledtheatre.com\/#organization\"},\"potentialAction\":[{\"@type\":\"SearchAction\",\"target\":{\"@type\":\"EntryPoint\",\"urlTemplate\":\"https:\/\/enabledtheatre.com\/?s={search_term_string}\"},\"query-input\":\"required name=search_term_string\"}],\"inLanguage\":\"en-US\"},{\"@type\":\"Organization\",\"@id\":\"https:\/\/enabledtheatre.com\/#organization\",\"name\":\"Enabled Theatre\",\"url\":\"https:\/\/enabledtheatre.com\/\",\"logo\":{\"@type\":\"ImageObject\",\"inLanguage\":\"en-US\",\"@id\":\"https:\/\/enabledtheatre.com\/#\/schema\/logo\/image\/\",\"url\":\"https:\/\/enabledtheatre.com\/app\/uploads\/2023\/03\/Svijet-mogucnosti-najava-1920x1080-1.jpg\",\"contentUrl\":\"https:\/\/enabledtheatre.com\/app\/uploads\/2023\/03\/Svijet-mogucnosti-najava-1920x1080-1.jpg\",\"width\":1920,\"height\":1080,\"caption\":\"Enabled Theatre\"},\"image\":{\"@id\":\"https:\/\/enabledtheatre.com\/#\/schema\/logo\/image\/\"},\"sameAs\":[\"https:\/\/www.facebook.com\/EastWestCenter\",\"https:\/\/twitter.com\/EastWestCentar\",\"https:\/\/www.instagram.com\/sarajevofest\/\"]},{\"@type\":\"Person\",\"@id\":\"https:\/\/enabledtheatre.com\/#\/schema\/person\/df8431fee28b215cdc853ef5b1500015\",\"name\":\"Mehmed\",\"image\":{\"@type\":\"ImageObject\",\"inLanguage\":\"en-US\",\"@id\":\"https:\/\/enabledtheatre.com\/#\/schema\/person\/image\/\",\"url\":\"https:\/\/secure.gravatar.com\/avatar\/a37b71bc56ac6668b1ddf56e8a90c1cd?s=96&d=mm&r=g\",\"contentUrl\":\"https:\/\/secure.gravatar.com\/avatar\/a37b71bc56ac6668b1ddf56e8a90c1cd?s=96&d=mm&r=g\",\"caption\":\"Mehmed\"},\"url\":\"https:\/\/enabledtheatre.com\/en\/author\/editor\/\"}]}<\/script>\n<!-- \/ Yoast SEO plugin. -->","yoast_head_json":{"title":"\"The World of Possibilities\" premiers in Novi Sad - Enabled Theatre","robots":{"index":"index","follow":"follow","max-snippet":"max-snippet:-1","max-image-preview":"max-image-preview:large","max-video-preview":"max-video-preview:-1"},"canonical":"https:\/\/enabledtheatre.com\/en\/2024\/04\/06\/predstava-svijet-mogucnosti-premijerno-izvedena-u-novom-sadu\/","og_locale":"en_US","og_type":"article","og_title":"\"The World of Possibilities\" premiers in Novi Sad - Enabled Theatre","og_description":"The play &#8220;Svijet mogu\u0107nosti\/The World of Possibilities&#8221;, written and directed by Haris Pa\u0161ovi\u0107, premiered on Saturday, April 6, in the crowded &#8220;Pera Dobrinovi\u0107&#8221; hall of the Serbian National Theatre in Novi Sad. Among others, the premiere was attended by the great Serbian and ex-Yu actor Miki Manojlovi\u0107, Deputy Manager of the Serbian National Theatre and&hellip;","og_url":"https:\/\/enabledtheatre.com\/en\/2024\/04\/06\/predstava-svijet-mogucnosti-premijerno-izvedena-u-novom-sadu\/","og_site_name":"Enabled Theatre","article_publisher":"https:\/\/www.facebook.com\/EastWestCenter","article_published_time":"2024-04-06T15:18:25+00:00","article_modified_time":"2024-07-19T15:22:49+00:00","og_image":[{"width":1600,"height":1067,"url":"https:\/\/enabledtheatre.com\/app\/uploads\/2024\/04\/FEM_6631-1.jpg","type":"image\/jpeg"}],"author":"Mehmed","twitter_card":"summary_large_image","twitter_creator":"@EastWestCentar","twitter_site":"@EastWestCentar","twitter_misc":{"Written by":"Mehmed","Est. reading time":"2 minutes"},"schema":{"@context":"https:\/\/schema.org","@graph":[{"@type":"Article","@id":"https:\/\/enabledtheatre.com\/en\/2024\/04\/06\/predstava-svijet-mogucnosti-premijerno-izvedena-u-novom-sadu\/#article","isPartOf":{"@id":"https:\/\/enabledtheatre.com\/en\/2024\/04\/06\/predstava-svijet-mogucnosti-premijerno-izvedena-u-novom-sadu\/"},"author":{"name":"Mehmed","@id":"https:\/\/enabledtheatre.com\/#\/schema\/person\/df8431fee28b215cdc853ef5b1500015"},"headline":"&#8220;The World of Possibilities&#8221; premiers in Novi Sad","datePublished":"2024-04-06T15:18:25+00:00","dateModified":"2024-07-19T15:22:49+00:00","mainEntityOfPage":{"@id":"https:\/\/enabledtheatre.com\/en\/2024\/04\/06\/predstava-svijet-mogucnosti-premijerno-izvedena-u-novom-sadu\/"},"wordCount":261,"publisher":{"@id":"https:\/\/enabledtheatre.com\/#organization"},"articleSection":["News"],"inLanguage":"en-US"},{"@type":"WebPage","@id":"https:\/\/enabledtheatre.com\/en\/2024\/04\/06\/predstava-svijet-mogucnosti-premijerno-izvedena-u-novom-sadu\/","url":"https:\/\/enabledtheatre.com\/en\/2024\/04\/06\/predstava-svijet-mogucnosti-premijerno-izvedena-u-novom-sadu\/","name":"\"The World of Possibilities\" premiers in Novi Sad - Enabled Theatre","isPartOf":{"@id":"https:\/\/enabledtheatre.com\/#website"},"datePublished":"2024-04-06T15:18:25+00:00","dateModified":"2024-07-19T15:22:49+00:00","breadcrumb":{"@id":"https:\/\/enabledtheatre.com\/en\/2024\/04\/06\/predstava-svijet-mogucnosti-premijerno-izvedena-u-novom-sadu\/#breadcrumb"},"inLanguage":"en-US","potentialAction":[{"@type":"ReadAction","target":["https:\/\/enabledtheatre.com\/en\/2024\/04\/06\/predstava-svijet-mogucnosti-premijerno-izvedena-u-novom-sadu\/"]}]},{"@type":"BreadcrumbList","@id":"https:\/\/enabledtheatre.com\/en\/2024\/04\/06\/predstava-svijet-mogucnosti-premijerno-izvedena-u-novom-sadu\/#breadcrumb","itemListElement":[{"@type":"ListItem","position":1,"name":"Home","item":"https:\/\/enabledtheatre.com\/"},{"@type":"ListItem","position":2,"name":"&#8220;The World of Possibilities&#8221; premiers in Novi Sad"}]},{"@type":"WebSite","@id":"https:\/\/enabledtheatre.com\/#website","url":"https:\/\/enabledtheatre.com\/","name":"Enabled Theatre","description":"Regional art project that, through a two-way exchange, will include artists, experts and people with developmental disabilities as well as their families","publisher":{"@id":"https:\/\/enabledtheatre.com\/#organization"},"potentialAction":[{"@type":"SearchAction","target":{"@type":"EntryPoint","urlTemplate":"https:\/\/enabledtheatre.com\/?s={search_term_string}"},"query-input":"required name=search_term_string"}],"inLanguage":"en-US"},{"@type":"Organization","@id":"https:\/\/enabledtheatre.com\/#organization","name":"Enabled Theatre","url":"https:\/\/enabledtheatre.com\/","logo":{"@type":"ImageObject","inLanguage":"en-US","@id":"https:\/\/enabledtheatre.com\/#\/schema\/logo\/image\/","url":"https:\/\/enabledtheatre.com\/app\/uploads\/2023\/03\/Svijet-mogucnosti-najava-1920x1080-1.jpg","contentUrl":"https:\/\/enabledtheatre.com\/app\/uploads\/2023\/03\/Svijet-mogucnosti-najava-1920x1080-1.jpg","width":1920,"height":1080,"caption":"Enabled Theatre"},"image":{"@id":"https:\/\/enabledtheatre.com\/#\/schema\/logo\/image\/"},"sameAs":["https:\/\/www.facebook.com\/EastWestCenter","https:\/\/twitter.com\/EastWestCentar","https:\/\/www.instagram.com\/sarajevofest\/"]},{"@type":"Person","@id":"https:\/\/enabledtheatre.com\/#\/schema\/person\/df8431fee28b215cdc853ef5b1500015","name":"Mehmed","image":{"@type":"ImageObject","inLanguage":"en-US","@id":"https:\/\/enabledtheatre.com\/#\/schema\/person\/image\/","url":"https:\/\/secure.gravatar.com\/avatar\/a37b71bc56ac6668b1ddf56e8a90c1cd?s=96&d=mm&r=g","contentUrl":"https:\/\/secure.gravatar.com\/avatar\/a37b71bc56ac6668b1ddf56e8a90c1cd?s=96&d=mm&r=g","caption":"Mehmed"},"url":"https:\/\/enabledtheatre.com\/en\/author\/editor\/"}]}},"_links":{"self":[{"href":"https:\/\/enabledtheatre.com\/en\/wp-json\/wp\/v2\/posts\/976"}],"collection":[{"href":"https:\/\/enabledtheatre.com\/en\/wp-json\/wp\/v2\/posts"}],"about":[{"href":"https:\/\/enabledtheatre.com\/en\/wp-json\/wp\/v2\/types\/post"}],"author":[{"embeddable":true,"href":"https:\/\/enabledtheatre.com\/en\/wp-json\/wp\/v2\/users\/2"}],"replies":[{"embeddable":true,"href":"https:\/\/enabledtheatre.com\/en\/wp-json\/wp\/v2\/comments?post=976"}],"version-history":[{"count":3,"href":"https:\/\/enabledtheatre.com\/en\/wp-json\/wp\/v2\/posts\/976\/revisions"}],"predecessor-version":[{"id":1072,"href":"https:\/\/enabledtheatre.com\/en\/wp-json\/wp\/v2\/posts\/976\/revisions\/1072"}],"wp:featuredmedia":[{"embeddable":true,"href":"https:\/\/enabledtheatre.com\/en\/wp-json\/wp\/v2\/media\/960"}],"wp:attachment":[{"href":"https:\/\/enabledtheatre.com\/en\/wp-json\/wp\/v2\/media?parent=976"}],"wp:term":[{"taxonomy":"category","embeddable":true,"href":"https:\/\/enabledtheatre.com\/en\/wp-json\/wp\/v2\/categories?post=976"},{"taxonomy":"post_tag","embeddable":true,"href":"https:\/\/enabledtheatre.com\/en\/wp-json\/wp\/v2\/tags?post=976"}],"curies":[{"name":"wp","href":"https:\/\/api.w.org\/{rel}","templated":true}]}}