{"id":974,"date":"2024-04-06T14:22:42","date_gmt":"2024-04-06T12:22:42","guid":{"rendered":"https:\/\/enabledtheatre.com\/2024\/04\/06\/rijec-reditelja-ii-dio\/"},"modified":"2024-04-11T15:51:17","modified_gmt":"2024-04-11T13:51:17","slug":"rijec-reditelja-ii-dio","status":"publish","type":"post","link":"https:\/\/enabledtheatre.com\/en\/2024\/04\/06\/rijec-reditelja-ii-dio\/","title":{"rendered":"A Word From The Director &#8211; Part Two"},"content":{"rendered":"<p>On the occasion of the premiere of the play &#8220;Svijet mogu\u0107nosti\/Enabled Theatre&#8221; on the &#8220;Pera Dobrinovi\u0107&#8221; stage of the Serbian National Theatre in Novi Sad on April 6, we are bringing you the second part of the <a href=\"https:\/\/www.youtube.com\/watch?v=aGGsCWmfIck&amp;t=9s\"><strong>interview<\/strong><\/a> with the author and director of the play, Haris Pa\u0161ovi\u0107.<\/p>\n<p>In addition to Pa\u0161ovi\u0107, the artistic team also comprises stage designer Ivana Jan\u010di\u0107, composer Dino \u0160ukalo, choreographer Larisa Lipovac, assistant costume designer Minja Davidovi\u0107.<\/p>\n<p>The play features: Gordana \u0110ur\u0111evi\u0107 Dimi\u0107, Lidija Stevanovi\u0107, Sanja Ristic Krajnov, Jelena Antonijevi\u0107, Mina Pavlica, Marija Felde\u0161i, Milan Kova\u010devi\u0107, Marko Savkovi\u0107, Vuka\u0161in Ran\u0111elovi\u0107, Aljo\u0161a \u0110idi\u0107, Aleksandar Sarapa, Rade Perovi\u0107.<\/p>\n<p>After the premiere in Novi Sad, the play will also be performed in partner cities &#8211; Sarajevo, Zagreb and Budva.<\/p>\n<p>\u201cSvijet mogu\u0107nosti\/Enabled Theatre\u201d is an international co-production of the East West Center Sarajevo, the Serbian National Theatre from Novi Sad, the Festival Grad teatar from Budva and the Tala Dance Centre from Zagreb and is co-fundedby the EU through the Creative Europe Programme.<\/p>\n","protected":false},"excerpt":{"rendered":"<p>On the occasion of the premiere of the play &#8220;Svijet mogu\u0107nosti\/Enabled Theatre&#8221; on the &#8220;Pera Dobrinovi\u0107&#8221; stage of the Serbian National Theatre in Novi Sad on April 6, we are bringing you the second part of the interview with the author and director of the play, Haris Pa\u0161ovi\u0107. In addition to Pa\u0161ovi\u0107, the artistic team&hellip;<\/p>\n","protected":false},"author":2,"featured_media":934,"comment_status":"closed","ping_status":"closed","sticky":false,"template":"","format":"standard","meta":{"_monsterinsights_skip_tracking":false,"_monsterinsights_sitenote_active":false,"_monsterinsights_sitenote_note":"","_monsterinsights_sitenote_category":0},"categories":[5],"tags":[],"acf":[],"yoast_head":"<!-- This site is optimized with the Yoast SEO plugin v20.7 - https:\/\/yoast.com\/wordpress\/plugins\/seo\/ -->\n<title>A Word From The Director - Part Two - Enabled Theatre<\/title>\n<meta name=\"robots\" content=\"index, follow, max-snippet:-1, max-image-preview:large, max-video-preview:-1\" \/>\n<link rel=\"canonical\" href=\"https:\/\/enabledtheatre.com\/en\/2024\/04\/06\/rijec-reditelja-ii-dio\/\" \/>\n<meta property=\"og:locale\" content=\"en_US\" \/>\n<meta property=\"og:type\" content=\"article\" \/>\n<meta property=\"og:title\" content=\"A Word From The Director - Part Two - Enabled Theatre\" \/>\n<meta property=\"og:description\" content=\"On the occasion of the premiere of the play &#8220;Svijet mogu\u0107nosti\/Enabled Theatre&#8221; on the &#8220;Pera Dobrinovi\u0107&#8221; stage of the Serbian National Theatre in Novi Sad on April 6, we are bringing you the second part of the interview with the author and director of the play, Haris Pa\u0161ovi\u0107. In addition to Pa\u0161ovi\u0107, the artistic team&hellip;\" \/>\n<meta property=\"og:url\" content=\"https:\/\/enabledtheatre.com\/en\/2024\/04\/06\/rijec-reditelja-ii-dio\/\" \/>\n<meta property=\"og:site_name\" content=\"Enabled Theatre\" \/>\n<meta property=\"article:publisher\" content=\"https:\/\/www.facebook.com\/EastWestCenter\" \/>\n<meta property=\"article:published_time\" content=\"2024-04-06T12:22:42+00:00\" \/>\n<meta property=\"article:modified_time\" content=\"2024-04-11T13:51:17+00:00\" \/>\n<meta property=\"og:image\" content=\"https:\/\/enabledtheatre.com\/app\/uploads\/2024\/04\/startbh-haris-pasovic.jpg\" \/>\n\t<meta property=\"og:image:width\" content=\"770\" \/>\n\t<meta property=\"og:image:height\" content=\"460\" \/>\n\t<meta property=\"og:image:type\" content=\"image\/jpeg\" \/>\n<meta name=\"author\" content=\"Mehmed\" \/>\n<meta name=\"twitter:card\" content=\"summary_large_image\" \/>\n<meta name=\"twitter:creator\" content=\"@EastWestCentar\" \/>\n<meta name=\"twitter:site\" content=\"@EastWestCentar\" \/>\n<meta name=\"twitter:label1\" content=\"Written by\" \/>\n\t<meta name=\"twitter:data1\" content=\"Mehmed\" \/>\n\t<meta name=\"twitter:label2\" content=\"Est. reading time\" \/>\n\t<meta name=\"twitter:data2\" content=\"1 minute\" \/>\n<script type=\"application\/ld+json\" class=\"yoast-schema-graph\">{\"@context\":\"https:\/\/schema.org\",\"@graph\":[{\"@type\":\"Article\",\"@id\":\"https:\/\/enabledtheatre.com\/en\/2024\/04\/06\/rijec-reditelja-ii-dio\/#article\",\"isPartOf\":{\"@id\":\"https:\/\/enabledtheatre.com\/en\/2024\/04\/06\/rijec-reditelja-ii-dio\/\"},\"author\":{\"name\":\"Mehmed\",\"@id\":\"https:\/\/enabledtheatre.com\/#\/schema\/person\/df8431fee28b215cdc853ef5b1500015\"},\"headline\":\"A Word From The Director &#8211; Part Two\",\"datePublished\":\"2024-04-06T12:22:42+00:00\",\"dateModified\":\"2024-04-11T13:51:17+00:00\",\"mainEntityOfPage\":{\"@id\":\"https:\/\/enabledtheatre.com\/en\/2024\/04\/06\/rijec-reditelja-ii-dio\/\"},\"wordCount\":184,\"publisher\":{\"@id\":\"https:\/\/enabledtheatre.com\/#organization\"},\"articleSection\":[\"News\"],\"inLanguage\":\"en-US\"},{\"@type\":\"WebPage\",\"@id\":\"https:\/\/enabledtheatre.com\/en\/2024\/04\/06\/rijec-reditelja-ii-dio\/\",\"url\":\"https:\/\/enabledtheatre.com\/en\/2024\/04\/06\/rijec-reditelja-ii-dio\/\",\"name\":\"A Word From The Director - Part Two - Enabled Theatre\",\"isPartOf\":{\"@id\":\"https:\/\/enabledtheatre.com\/#website\"},\"datePublished\":\"2024-04-06T12:22:42+00:00\",\"dateModified\":\"2024-04-11T13:51:17+00:00\",\"breadcrumb\":{\"@id\":\"https:\/\/enabledtheatre.com\/en\/2024\/04\/06\/rijec-reditelja-ii-dio\/#breadcrumb\"},\"inLanguage\":\"en-US\",\"potentialAction\":[{\"@type\":\"ReadAction\",\"target\":[\"https:\/\/enabledtheatre.com\/en\/2024\/04\/06\/rijec-reditelja-ii-dio\/\"]}]},{\"@type\":\"BreadcrumbList\",\"@id\":\"https:\/\/enabledtheatre.com\/en\/2024\/04\/06\/rijec-reditelja-ii-dio\/#breadcrumb\",\"itemListElement\":[{\"@type\":\"ListItem\",\"position\":1,\"name\":\"Home\",\"item\":\"https:\/\/enabledtheatre.com\/\"},{\"@type\":\"ListItem\",\"position\":2,\"name\":\"A Word From The Director &#8211; Part Two\"}]},{\"@type\":\"WebSite\",\"@id\":\"https:\/\/enabledtheatre.com\/#website\",\"url\":\"https:\/\/enabledtheatre.com\/\",\"name\":\"Enabled Theatre\",\"description\":\"Regional art project that, through a two-way exchange, will include artists, experts and people with developmental disabilities as well as their families\",\"publisher\":{\"@id\":\"https:\/\/enabledtheatre.com\/#organization\"},\"potentialAction\":[{\"@type\":\"SearchAction\",\"target\":{\"@type\":\"EntryPoint\",\"urlTemplate\":\"https:\/\/enabledtheatre.com\/?s={search_term_string}\"},\"query-input\":\"required name=search_term_string\"}],\"inLanguage\":\"en-US\"},{\"@type\":\"Organization\",\"@id\":\"https:\/\/enabledtheatre.com\/#organization\",\"name\":\"Enabled Theatre\",\"url\":\"https:\/\/enabledtheatre.com\/\",\"logo\":{\"@type\":\"ImageObject\",\"inLanguage\":\"en-US\",\"@id\":\"https:\/\/enabledtheatre.com\/#\/schema\/logo\/image\/\",\"url\":\"https:\/\/enabledtheatre.com\/app\/uploads\/2023\/03\/Svijet-mogucnosti-najava-1920x1080-1.jpg\",\"contentUrl\":\"https:\/\/enabledtheatre.com\/app\/uploads\/2023\/03\/Svijet-mogucnosti-najava-1920x1080-1.jpg\",\"width\":1920,\"height\":1080,\"caption\":\"Enabled Theatre\"},\"image\":{\"@id\":\"https:\/\/enabledtheatre.com\/#\/schema\/logo\/image\/\"},\"sameAs\":[\"https:\/\/www.facebook.com\/EastWestCenter\",\"https:\/\/twitter.com\/EastWestCentar\",\"https:\/\/www.instagram.com\/sarajevofest\/\"]},{\"@type\":\"Person\",\"@id\":\"https:\/\/enabledtheatre.com\/#\/schema\/person\/df8431fee28b215cdc853ef5b1500015\",\"name\":\"Mehmed\",\"image\":{\"@type\":\"ImageObject\",\"inLanguage\":\"en-US\",\"@id\":\"https:\/\/enabledtheatre.com\/#\/schema\/person\/image\/\",\"url\":\"https:\/\/secure.gravatar.com\/avatar\/a37b71bc56ac6668b1ddf56e8a90c1cd?s=96&d=mm&r=g\",\"contentUrl\":\"https:\/\/secure.gravatar.com\/avatar\/a37b71bc56ac6668b1ddf56e8a90c1cd?s=96&d=mm&r=g\",\"caption\":\"Mehmed\"},\"url\":\"https:\/\/enabledtheatre.com\/en\/author\/editor\/\"}]}<\/script>\n<!-- \/ Yoast SEO plugin. -->","yoast_head_json":{"title":"A Word From The Director - Part Two - Enabled Theatre","robots":{"index":"index","follow":"follow","max-snippet":"max-snippet:-1","max-image-preview":"max-image-preview:large","max-video-preview":"max-video-preview:-1"},"canonical":"https:\/\/enabledtheatre.com\/en\/2024\/04\/06\/rijec-reditelja-ii-dio\/","og_locale":"en_US","og_type":"article","og_title":"A Word From The Director - Part Two - Enabled Theatre","og_description":"On the occasion of the premiere of the play &#8220;Svijet mogu\u0107nosti\/Enabled Theatre&#8221; on the &#8220;Pera Dobrinovi\u0107&#8221; stage of the Serbian National Theatre in Novi Sad on April 6, we are bringing you the second part of the interview with the author and director of the play, Haris Pa\u0161ovi\u0107. In addition to Pa\u0161ovi\u0107, the artistic team&hellip;","og_url":"https:\/\/enabledtheatre.com\/en\/2024\/04\/06\/rijec-reditelja-ii-dio\/","og_site_name":"Enabled Theatre","article_publisher":"https:\/\/www.facebook.com\/EastWestCenter","article_published_time":"2024-04-06T12:22:42+00:00","article_modified_time":"2024-04-11T13:51:17+00:00","og_image":[{"width":770,"height":460,"url":"https:\/\/enabledtheatre.com\/app\/uploads\/2024\/04\/startbh-haris-pasovic.jpg","type":"image\/jpeg"}],"author":"Mehmed","twitter_card":"summary_large_image","twitter_creator":"@EastWestCentar","twitter_site":"@EastWestCentar","twitter_misc":{"Written by":"Mehmed","Est. reading time":"1 minute"},"schema":{"@context":"https:\/\/schema.org","@graph":[{"@type":"Article","@id":"https:\/\/enabledtheatre.com\/en\/2024\/04\/06\/rijec-reditelja-ii-dio\/#article","isPartOf":{"@id":"https:\/\/enabledtheatre.com\/en\/2024\/04\/06\/rijec-reditelja-ii-dio\/"},"author":{"name":"Mehmed","@id":"https:\/\/enabledtheatre.com\/#\/schema\/person\/df8431fee28b215cdc853ef5b1500015"},"headline":"A Word From The Director &#8211; Part Two","datePublished":"2024-04-06T12:22:42+00:00","dateModified":"2024-04-11T13:51:17+00:00","mainEntityOfPage":{"@id":"https:\/\/enabledtheatre.com\/en\/2024\/04\/06\/rijec-reditelja-ii-dio\/"},"wordCount":184,"publisher":{"@id":"https:\/\/enabledtheatre.com\/#organization"},"articleSection":["News"],"inLanguage":"en-US"},{"@type":"WebPage","@id":"https:\/\/enabledtheatre.com\/en\/2024\/04\/06\/rijec-reditelja-ii-dio\/","url":"https:\/\/enabledtheatre.com\/en\/2024\/04\/06\/rijec-reditelja-ii-dio\/","name":"A Word From The Director - Part Two - Enabled Theatre","isPartOf":{"@id":"https:\/\/enabledtheatre.com\/#website"},"datePublished":"2024-04-06T12:22:42+00:00","dateModified":"2024-04-11T13:51:17+00:00","breadcrumb":{"@id":"https:\/\/enabledtheatre.com\/en\/2024\/04\/06\/rijec-reditelja-ii-dio\/#breadcrumb"},"inLanguage":"en-US","potentialAction":[{"@type":"ReadAction","target":["https:\/\/enabledtheatre.com\/en\/2024\/04\/06\/rijec-reditelja-ii-dio\/"]}]},{"@type":"BreadcrumbList","@id":"https:\/\/enabledtheatre.com\/en\/2024\/04\/06\/rijec-reditelja-ii-dio\/#breadcrumb","itemListElement":[{"@type":"ListItem","position":1,"name":"Home","item":"https:\/\/enabledtheatre.com\/"},{"@type":"ListItem","position":2,"name":"A Word From The Director &#8211; Part Two"}]},{"@type":"WebSite","@id":"https:\/\/enabledtheatre.com\/#website","url":"https:\/\/enabledtheatre.com\/","name":"Enabled Theatre","description":"Regional art project that, through a two-way exchange, will include artists, experts and people with developmental disabilities as well as their families","publisher":{"@id":"https:\/\/enabledtheatre.com\/#organization"},"potentialAction":[{"@type":"SearchAction","target":{"@type":"EntryPoint","urlTemplate":"https:\/\/enabledtheatre.com\/?s={search_term_string}"},"query-input":"required name=search_term_string"}],"inLanguage":"en-US"},{"@type":"Organization","@id":"https:\/\/enabledtheatre.com\/#organization","name":"Enabled Theatre","url":"https:\/\/enabledtheatre.com\/","logo":{"@type":"ImageObject","inLanguage":"en-US","@id":"https:\/\/enabledtheatre.com\/#\/schema\/logo\/image\/","url":"https:\/\/enabledtheatre.com\/app\/uploads\/2023\/03\/Svijet-mogucnosti-najava-1920x1080-1.jpg","contentUrl":"https:\/\/enabledtheatre.com\/app\/uploads\/2023\/03\/Svijet-mogucnosti-najava-1920x1080-1.jpg","width":1920,"height":1080,"caption":"Enabled Theatre"},"image":{"@id":"https:\/\/enabledtheatre.com\/#\/schema\/logo\/image\/"},"sameAs":["https:\/\/www.facebook.com\/EastWestCenter","https:\/\/twitter.com\/EastWestCentar","https:\/\/www.instagram.com\/sarajevofest\/"]},{"@type":"Person","@id":"https:\/\/enabledtheatre.com\/#\/schema\/person\/df8431fee28b215cdc853ef5b1500015","name":"Mehmed","image":{"@type":"ImageObject","inLanguage":"en-US","@id":"https:\/\/enabledtheatre.com\/#\/schema\/person\/image\/","url":"https:\/\/secure.gravatar.com\/avatar\/a37b71bc56ac6668b1ddf56e8a90c1cd?s=96&d=mm&r=g","contentUrl":"https:\/\/secure.gravatar.com\/avatar\/a37b71bc56ac6668b1ddf56e8a90c1cd?s=96&d=mm&r=g","caption":"Mehmed"},"url":"https:\/\/enabledtheatre.com\/en\/author\/editor\/"}]}},"_links":{"self":[{"href":"https:\/\/enabledtheatre.com\/en\/wp-json\/wp\/v2\/posts\/974"}],"collection":[{"href":"https:\/\/enabledtheatre.com\/en\/wp-json\/wp\/v2\/posts"}],"about":[{"href":"https:\/\/enabledtheatre.com\/en\/wp-json\/wp\/v2\/types\/post"}],"author":[{"embeddable":true,"href":"https:\/\/enabledtheatre.com\/en\/wp-json\/wp\/v2\/users\/2"}],"replies":[{"embeddable":true,"href":"https:\/\/enabledtheatre.com\/en\/wp-json\/wp\/v2\/comments?post=974"}],"version-history":[{"count":1,"href":"https:\/\/enabledtheatre.com\/en\/wp-json\/wp\/v2\/posts\/974\/revisions"}],"predecessor-version":[{"id":975,"href":"https:\/\/enabledtheatre.com\/en\/wp-json\/wp\/v2\/posts\/974\/revisions\/975"}],"wp:featuredmedia":[{"embeddable":true,"href":"https:\/\/enabledtheatre.com\/en\/wp-json\/wp\/v2\/media\/934"}],"wp:attachment":[{"href":"https:\/\/enabledtheatre.com\/en\/wp-json\/wp\/v2\/media?parent=974"}],"wp:term":[{"taxonomy":"category","embeddable":true,"href":"https:\/\/enabledtheatre.com\/en\/wp-json\/wp\/v2\/categories?post=974"},{"taxonomy":"post_tag","embeddable":true,"href":"https:\/\/enabledtheatre.com\/en\/wp-json\/wp\/v2\/tags?post=974"}],"curies":[{"name":"wp","href":"https:\/\/api.w.org\/{rel}","templated":true}]}}